{"id":17282,"date":"2012-04-03T22:02:09","date_gmt":"2012-04-03T21:02:09","guid":{"rendered":"http:\/\/www.wrestlingcorner.de\/page\/?p=17282"},"modified":"2012-04-03T22:02:09","modified_gmt":"2012-04-03T21:02:09","slug":"rima-fakih-unterzeichnet-vertrag-randy-orton-verliert-hauptrolle-in-the-marine-3-backstage-news-zu-the-undertaker-chief-jay-strongbow-verstorben","status":"publish","type":"post","link":"https:\/\/www.wrestlingcorner.de\/page\/rima-fakih-unterzeichnet-vertrag-randy-orton-verliert-hauptrolle-in-the-marine-3-backstage-news-zu-the-undertaker-chief-jay-strongbow-verstorben\/","title":{"rendered":"Rima Fakih unterzeichnet Vertrag \/ Randy Orton verliert Hauptrolle in The Marine 3 \/ Backstage-News zu The Undertaker \/ Chief Jay Strongbow verstorben"},"content":{"rendered":"<p>&#8211; Die ehemalige Tough Enough Teilnehmerin Rima Fakih hat nun in einem Interview verlauten lassen, dass sie einen Entwicklungsvertrag bei WWE unterzeichnet hat.<\/p>\n<p>&#8211; Nachdem in der vergangenen Woche noch vermeldet worden ist, dass WWE Superstar Randy Orton die Hauptrolle in &#8222;The Marine 3 &#8211; Homefront&#8220; \u00fcbernehmen wird, hat man ihm nun die Hauptrolle \u00fcberraschend wieder entzogen, nachdem sich Cpl. Mike Vinn von den Marines sowie einige seiner damaligen Marine-Kollegen negativ gegen\u00fcber WWE \u00fcber die Milit\u00e4rvergangenheit von Randy Orton ge\u00e4u\u00dfert haben, da dieser damals seine Einheit heimlich verlie\u00df und sich einige Monate vor den Beh\u00f6rden versteckt hat, was in den USA strafbar ist. Daraufhin musste Randy Orton damals als Strafe insgesamt 38 Tage in einem Milit\u00e4rgef\u00e4ngnis verbringen. Cpl. Mike Vinn \u00e4u\u00dferte sich hierzu wie folgt: <strong><em>&#8222;I am disgusted that his face and the word Marine are being used next to each other &#8212; real or fake &#8212; because of the fact that he quit us, the country, and the Marine Corps. [Randy] in the role of a Marine is a disgrace to those that have worn and are wearing that uniform.&#8220;<\/em><\/strong> Ein offizieller Vertreter der WWE \u00e4u\u00dferte sich zum besagten Thema wie folgt gegen\u00fcber TMZ.com: <strong><em>&#8222;Despite Randy&#8217;s popularity, the fact that he was dishonorably discharged from the USMC made it inappropriate for him to be cast in this film. Cpl. Mike Vinn, who was in a unit with Orton, became furious when he found out Orton was going to be starring in the movie. Orton received a bad conduct discharge in 1999 after going AWOL on two separate occasions and disobeying an order from a commanding officer. Orton ended up being court-martialed and served 38 days in a military prison.&#8220;<\/em><\/strong><\/p>\n<p>&#8211; Bei WrestleMania XXVIII soll man backstage sehr \u00fcberrascht \u00fcber die gute k\u00f6rperliche Verfassung von The Undertaker gewesen sein, obwohl zuvor immer wieder von erheblichen gesundheitlichen Problemen des Deadman berichtet worden ist. Bislang ist nicht bekannt, ob The Undertaker erst auf der Road To WrestleMania 29 oder bereits im Laufe dieses Jahres wieder in die WWE TV Shows zur\u00fcckkehren wird.<\/p>\n<p>&#8211; Wie Jim Ross via Twitter berichtet, ist WWE Hall Of Famer Chief Jay Strongbow am heutigen Morgen im Alter von 83 Jahren verstorben: <strong><em>&#8222;Sad to hear of the passing this morning of WWE HOF&#8217;er Chief Jay Strongbow, a beloved member of WWE family. RIP Chief.&#8220;<\/em><\/strong><\/p>\n<p><img decoding=\"async\" src=\"http:\/\/boston-legal.org\/4-cannibal\/strongbow.jpg\" alt=\"\" \/><\/p>\n<p><em>(Quelle: f4wonline \/ Twitter)<\/em><\/p>\n","protected":false},"excerpt":{"rendered":"<p>&#8211; Die ehemalige Tough Enough Teilnehmerin Rima Fakih hat nun in einem Interview verlauten lassen,&#8230;<\/p>\n","protected":false},"author":13,"featured_media":0,"comment_status":"closed","ping_status":"closed","sticky":false,"template":"","format":"standard","meta":{"_EventAllDay":false,"_EventTimezone":"","_EventStartDate":"","_EventEndDate":"","_EventStartDateUTC":"","_EventEndDateUTC":"","_EventShowMap":false,"_EventShowMapLink":false,"_EventURL":"","_EventCost":"","_EventCostDescription":"","_EventCurrencySymbol":"","_EventCurrencyCode":"","_EventCurrencyPosition":"","_EventDateTimeSeparator":"","_EventTimeRangeSeparator":"","_EventOrganizerID":[],"_EventVenueID":[],"_OrganizerEmail":"","_OrganizerPhone":"","_OrganizerWebsite":"","_VenueAddress":"","_VenueCity":"","_VenueCountry":"","_VenueProvince":"","_VenueState":"","_VenueZip":"","_VenuePhone":"","_VenueURL":"","_VenueStateProvince":"","_VenueLat":"","_VenueLng":"","_VenueShowMap":false,"_VenueShowMapLink":false,"jetpack_post_was_ever_published":false,"_jetpack_newsletter_access":"","_jetpack_dont_email_post_to_subs":false,"_jetpack_newsletter_tier_id":0,"_jetpack_memberships_contains_paywalled_content":false,"_jetpack_memberships_contains_paid_content":false,"footnotes":"","jetpack_publicize_message":"","jetpack_publicize_feature_enabled":true,"jetpack_social_post_already_shared":false,"jetpack_social_options":{"image_generator_settings":{"template":"highway","default_image_id":0,"font":"","enabled":false},"version":2}},"categories":[3],"tags":[],"post_badge":[],"class_list":["post-17282","post","type-post","status-publish","format-standard","hentry","category-wwe-news"],"jetpack_publicize_connections":[],"featured_image_urls":{"full":"","thumbnail":"","medium":"","medium_large":"","large":"","1536x1536":"","2048x2048":"","covernews-slider-full":"","covernews-slider-center":"","covernews-featured":"","covernews-medium":"","covernews-medium-square":""},"author_info":{"info":["WrestlingCorner"]},"category_info":"<a href=\"https:\/\/www.wrestlingcorner.de\/page\/category\/news\/mainstream\/wwe-news\/\" rel=\"category tag\">WWE-News<\/a>","tag_info":"WWE-News","comment_count":"0","jetpack_featured_media_url":"","jetpack_sharing_enabled":true,"jetpack_likes_enabled":false,"jetpack_shortlink":"https:\/\/wp.me\/p2gB8Z-4uK","_links":{"self":[{"href":"https:\/\/www.wrestlingcorner.de\/page\/wp-json\/wp\/v2\/posts\/17282","targetHints":{"allow":["GET"]}}],"collection":[{"href":"https:\/\/www.wrestlingcorner.de\/page\/wp-json\/wp\/v2\/posts"}],"about":[{"href":"https:\/\/www.wrestlingcorner.de\/page\/wp-json\/wp\/v2\/types\/post"}],"author":[{"embeddable":true,"href":"https:\/\/www.wrestlingcorner.de\/page\/wp-json\/wp\/v2\/users\/13"}],"replies":[{"embeddable":true,"href":"https:\/\/www.wrestlingcorner.de\/page\/wp-json\/wp\/v2\/comments?post=17282"}],"version-history":[{"count":2,"href":"https:\/\/www.wrestlingcorner.de\/page\/wp-json\/wp\/v2\/posts\/17282\/revisions"}],"predecessor-version":[{"id":17284,"href":"https:\/\/www.wrestlingcorner.de\/page\/wp-json\/wp\/v2\/posts\/17282\/revisions\/17284"}],"wp:attachment":[{"href":"https:\/\/www.wrestlingcorner.de\/page\/wp-json\/wp\/v2\/media?parent=17282"}],"wp:term":[{"taxonomy":"category","embeddable":true,"href":"https:\/\/www.wrestlingcorner.de\/page\/wp-json\/wp\/v2\/categories?post=17282"},{"taxonomy":"post_tag","embeddable":true,"href":"https:\/\/www.wrestlingcorner.de\/page\/wp-json\/wp\/v2\/tags?post=17282"},{"taxonomy":"post_badge","embeddable":true,"href":"https:\/\/www.wrestlingcorner.de\/page\/wp-json\/wp\/v2\/post_badge?post=17282"}],"curies":[{"name":"wp","href":"https:\/\/api.w.org\/{rel}","templated":true}]}}