{"id":52541,"date":"2014-04-22T16:48:16","date_gmt":"2014-04-22T15:48:16","guid":{"rendered":"http:\/\/www.wrestlingcorner.de\/page\/?p=52541"},"modified":"2014-04-22T16:48:16","modified_gmt":"2014-04-22T15:48:16","slug":"update-zum-ploetzlichen-tod-von-daniel-bryans-vater-storyline-update-wie-lange-daniel-bryan-ausfallen-wird","status":"publish","type":"post","link":"https:\/\/www.wrestlingcorner.de\/page\/update-zum-ploetzlichen-tod-von-daniel-bryans-vater-storyline-update-wie-lange-daniel-bryan-ausfallen-wird\/","title":{"rendered":"Update zum pl\u00f6tzlichen Tod von Daniel Bryans Vater \/ Storyline-Update \/ Wie lange Daniel Bryan ausfallen wird"},"content":{"rendered":"<p>WrestlingCorner.de berichtete bereits gestern im Vorfeld der diesw\u00f6chigen RAW Episode, dass der Vater von Daniel Bryan am vergangenen Wochenende \u00fcberraschend verstorben ist, als sich der amtierende WWE World Heavyweight Champion mit seiner Ehefrau Brie Bella in den Flitterwochen befand.<\/p>\n<p>Nun berichtet LoP, dass der Vater von Daniel Bryan erst 54 oder 57 Jahre alt gewesen ist.<\/p>\n<p>Nikki Bella, die Schwester von Brie Bella und Schw\u00e4gerin von Daniel Bryan, \u00e4u\u00dferte sich zum pl\u00f6tzlichen Tod des Vaters von Daniel Bryan nach der gestrigen RAW Episode wie folgt:\u00a0<strong><em>&#8222;I&#8217;m very sad &amp; proud of my brother in law @WWEDanielBryan His Father was a kind, generous, sweet man and was so very humble. If you met him you knew the apple didn&#8217;t fall far from the tree. Bryan definitely has his energy. Tonight he stood there not only for all of you, but for the memory of his father. He will always be remember. RIP Bud&#8220;<\/em><\/strong><\/p>\n<p>Obwohl sein Vater pl\u00f6tzlich verstorben war, f\u00fchlte sich Daniel Bryan den Fans gegen\u00fcber verpflichtet, an den RAW TV Tapings teilzunehmen, bei denen er allerdings nur im Opening Segment zu sehen war, wo er direkt mit einem Beatdown von &#8222;Masked Kane&#8220; vorerst wieder aus den Shows geschrieben wurde, um sich um die Beerdigung seines Vaters zu k\u00fcmmern und seiner Familie beizustehen. Unmittelbar nach dem Ende des besagten Segments soll Daniel Bryan die Halle verlassen haben und nach Seattle, Washington, zu seiner Familie geflogen sein.<\/p>\n<p>Laut Storyline soll Daniel Bryan beim besagten Beatdown durch Kane einen Schlag (&#8222;Stinger&#8220;) erlitten haben, in dessen Folge er unmittelbar in ein \u00f6rtliches Krankenhaus gebracht werden musste, wo man jedoch keinerlei ernsthafte Verletzungen feststellen konnte. Allgemein herrscht bei WWE hinter den Kulissen das Gef\u00fchl, dass Daniel Bryan erst wieder bei WWE Extreme Rules 2014 zur\u00fcckkehrt, wo er seinen WWE World Heavyweight Championship Titel in einem Extreme Rules Match gegen Kane verteidigen wird.<\/p>\n<p><em>(Quelle: LoP)<\/em><\/p>\n","protected":false},"excerpt":{"rendered":"<p>WrestlingCorner.de berichtete bereits gestern im Vorfeld der diesw\u00f6chigen RAW Episode, dass der Vater von Daniel&#8230;<\/p>\n","protected":false},"author":13,"featured_media":48097,"comment_status":"closed","ping_status":"closed","sticky":false,"template":"","format":"standard","meta":{"_EventAllDay":false,"_EventTimezone":"","_EventStartDate":"","_EventEndDate":"","_EventStartDateUTC":"","_EventEndDateUTC":"","_EventShowMap":false,"_EventShowMapLink":false,"_EventURL":"","_EventCost":"","_EventCostDescription":"","_EventCurrencySymbol":"","_EventCurrencyCode":"","_EventCurrencyPosition":"","_EventDateTimeSeparator":"","_EventTimeRangeSeparator":"","_EventOrganizerID":[],"_EventVenueID":[],"_OrganizerEmail":"","_OrganizerPhone":"","_OrganizerWebsite":"","_VenueAddress":"","_VenueCity":"","_VenueCountry":"","_VenueProvince":"","_VenueState":"","_VenueZip":"","_VenuePhone":"","_VenueURL":"","_VenueStateProvince":"","_VenueLat":"","_VenueLng":"","_VenueShowMap":false,"_VenueShowMapLink":false,"jetpack_post_was_ever_published":false,"_jetpack_newsletter_access":"","_jetpack_dont_email_post_to_subs":false,"_jetpack_newsletter_tier_id":0,"_jetpack_memberships_contains_paywalled_content":false,"_jetpack_memberships_contains_paid_content":false,"footnotes":"","jetpack_publicize_message":"Update zum pl\u00f6tzlichen Tod von Daniel Bryans Vater \/ Storyline-Update \/ Wie lange Daniel Bryan ausfallen wird http:\/\/tinyurl.com\/kfmqmur","jetpack_publicize_feature_enabled":true,"jetpack_social_post_already_shared":true,"jetpack_social_options":{"image_generator_settings":{"template":"highway","default_image_id":0,"font":"","enabled":false},"version":2}},"categories":[3],"tags":[],"post_badge":[],"class_list":["post-52541","post","type-post","status-publish","format-standard","has-post-thumbnail","hentry","category-wwe-news"],"jetpack_publicize_connections":[],"featured_image_urls":{"full":["https:\/\/www.wrestlingcorner.de\/page\/wp-content\/uploads\/news-danielbryan-14.jpg",250,125,false],"thumbnail":["https:\/\/www.wrestlingcorner.de\/page\/wp-content\/uploads\/news-danielbryan-14-150x125.jpg",150,125,true],"medium":["https:\/\/www.wrestlingcorner.de\/page\/wp-content\/uploads\/news-danielbryan-14.jpg",250,125,false],"medium_large":["https:\/\/www.wrestlingcorner.de\/page\/wp-content\/uploads\/news-danielbryan-14.jpg",250,125,false],"large":["https:\/\/www.wrestlingcorner.de\/page\/wp-content\/uploads\/news-danielbryan-14.jpg",250,125,false],"1536x1536":["https:\/\/www.wrestlingcorner.de\/page\/wp-content\/uploads\/news-danielbryan-14.jpg",250,125,false],"2048x2048":["https:\/\/www.wrestlingcorner.de\/page\/wp-content\/uploads\/news-danielbryan-14.jpg",250,125,false],"covernews-slider-full":["https:\/\/www.wrestlingcorner.de\/page\/wp-content\/uploads\/news-danielbryan-14.jpg",250,125,false],"covernews-slider-center":["https:\/\/www.wrestlingcorner.de\/page\/wp-content\/uploads\/news-danielbryan-14.jpg",250,125,false],"covernews-featured":["https:\/\/www.wrestlingcorner.de\/page\/wp-content\/uploads\/news-danielbryan-14.jpg",250,125,false],"covernews-medium":["https:\/\/www.wrestlingcorner.de\/page\/wp-content\/uploads\/news-danielbryan-14.jpg",250,125,false],"covernews-medium-square":["https:\/\/www.wrestlingcorner.de\/page\/wp-content\/uploads\/news-danielbryan-14.jpg",250,125,false]},"author_info":{"info":["WrestlingCorner"]},"category_info":"<a href=\"https:\/\/www.wrestlingcorner.de\/page\/category\/news\/mainstream\/wwe-news\/\" rel=\"category tag\">WWE-News<\/a>","tag_info":"WWE-News","comment_count":"0","jetpack_featured_media_url":"https:\/\/www.wrestlingcorner.de\/page\/wp-content\/uploads\/news-danielbryan-14.jpg","jetpack_sharing_enabled":true,"jetpack_likes_enabled":false,"jetpack_shortlink":"https:\/\/wp.me\/p2gB8Z-dFr","_links":{"self":[{"href":"https:\/\/www.wrestlingcorner.de\/page\/wp-json\/wp\/v2\/posts\/52541","targetHints":{"allow":["GET"]}}],"collection":[{"href":"https:\/\/www.wrestlingcorner.de\/page\/wp-json\/wp\/v2\/posts"}],"about":[{"href":"https:\/\/www.wrestlingcorner.de\/page\/wp-json\/wp\/v2\/types\/post"}],"author":[{"embeddable":true,"href":"https:\/\/www.wrestlingcorner.de\/page\/wp-json\/wp\/v2\/users\/13"}],"replies":[{"embeddable":true,"href":"https:\/\/www.wrestlingcorner.de\/page\/wp-json\/wp\/v2\/comments?post=52541"}],"version-history":[{"count":1,"href":"https:\/\/www.wrestlingcorner.de\/page\/wp-json\/wp\/v2\/posts\/52541\/revisions"}],"predecessor-version":[{"id":52542,"href":"https:\/\/www.wrestlingcorner.de\/page\/wp-json\/wp\/v2\/posts\/52541\/revisions\/52542"}],"wp:featuredmedia":[{"embeddable":true,"href":"https:\/\/www.wrestlingcorner.de\/page\/wp-json\/wp\/v2\/media\/48097"}],"wp:attachment":[{"href":"https:\/\/www.wrestlingcorner.de\/page\/wp-json\/wp\/v2\/media?parent=52541"}],"wp:term":[{"taxonomy":"category","embeddable":true,"href":"https:\/\/www.wrestlingcorner.de\/page\/wp-json\/wp\/v2\/categories?post=52541"},{"taxonomy":"post_tag","embeddable":true,"href":"https:\/\/www.wrestlingcorner.de\/page\/wp-json\/wp\/v2\/tags?post=52541"},{"taxonomy":"post_badge","embeddable":true,"href":"https:\/\/www.wrestlingcorner.de\/page\/wp-json\/wp\/v2\/post_badge?post=52541"}],"curies":[{"name":"wp","href":"https:\/\/api.w.org\/{rel}","templated":true}]}}