{"id":70322,"date":"2015-08-14T17:43:42","date_gmt":"2015-08-14T15:43:42","guid":{"rendered":"http:\/\/www.wrestlingcorner.de\/page\/?p=70322"},"modified":"2015-08-14T17:46:14","modified_gmt":"2015-08-14T15:46:14","slug":"video-stephen-amell-spricht-ueber-eine-moegliche-zukunft-bei-wwe-seinem-training-fuer-den-summerslam-und-seine-verletzung-die-er-beim-everett-raw-erlitten-hat","status":"publish","type":"post","link":"https:\/\/www.wrestlingcorner.de\/page\/video-stephen-amell-spricht-ueber-eine-moegliche-zukunft-bei-wwe-seinem-training-fuer-den-summerslam-und-seine-verletzung-die-er-beim-everett-raw-erlitten-hat\/","title":{"rendered":"Video: Stephen Amell spricht \u00fcber eine m\u00f6gliche Zukunft bei WWE, seinem Training f\u00fcr den SummerSlam und seine Verletzung, die er beim Everett-RAW erlitten hat"},"content":{"rendered":"<p>US-Schauspieler Stephen Amell, Hauptdarsteller der US-Erfolgsserie &#8222;Arrow&#8220;, hat sich nun in zwei Facebook-Videos zu diversen Themen ge\u00e4u\u00dfert und sprach u.a. davon, dass er f\u00fcr sein Match beim WWE SummerSlam 2015 aufgrund seines engen Terminkalenders (Arrow Season 4, TMNT 2 uvm.) nur sehr wenig trainieren k\u00f6nne, dass er sich am vergangenen Montag beim Everett-RAW w\u00e4hrend der Pr\u00fcgelei mit Stardust am Ellbogen und Unterarm verletzt hat und dass sein Wrestlingmatch beim WWE SummerSlam 2015 eine einmalige Sache sei:<\/p>\n<div id=\"fb-root\" class=\" fb_reset\"><\/div>\n<div id=\"fb-root\"><\/div>\n<p><script>\/\/ < ![CDATA[\n(function(d, s, id) {  var js, fjs = d.getElementsByTagName(s)[0];  if (d.getElementById(id)) return;  js = d.createElement(s); js.id = id;  js.src = \"\/\/connect.facebook.net\/de_DE\/sdk.js#xfbml=1&#038;version=v2.3\";  fjs.parentNode.insertBefore(js, fjs);}(document, 'script', 'facebook-jssdk'));\n\/\/ ]]><\/script><\/p>\n<div class=\"fb-video\" data-allowfullscreen=\"1\" data-href=\"\/stephenamell\/videos\/vb.146921975393078\/904086426343292\/?type=1\">\n<div class=\"fb-xfbml-parse-ignore\">\n<blockquote cite=\"https:\/\/www.facebook.com\/stephenamell\/videos\/904086426343292\/\"><p><a href=\"https:\/\/www.facebook.com\/stephenamell\/videos\/904086426343292\/\">Ouch my tongue.<\/a>Nothing like ringing your bell first thing in the morning.<\/p>\n<p>Posted by <a href=\"https:\/\/www.facebook.com\/stephenamell\">Stephen Amell<\/a> on Mittwoch, 12. August 2015<\/p><\/blockquote>\n<\/div>\n<\/div>\n<div id=\"fb-root\"><\/div>\n<p><script>\/\/ < ![CDATA[\n(function(d, s, id) {  var js, fjs = d.getElementsByTagName(s)[0];  if (d.getElementById(id)) return;  js = d.createElement(s); js.id = id;  js.src = \"\/\/connect.facebook.net\/de_DE\/sdk.js#xfbml=1&#038;version=v2.3\";  fjs.parentNode.insertBefore(js, fjs);}(document, 'script', 'facebook-jssdk'));\n\/\/ ]]><\/script><\/p>\n<div class=\"fb-video\" data-allowfullscreen=\"1\" data-href=\"\/stephenamell\/videos\/vb.146921975393078\/904270256324909\/?type=1\">\n<div class=\"fb-xfbml-parse-ignore\">\n<blockquote cite=\"https:\/\/www.facebook.com\/stephenamell\/videos\/904270256324909\/\"><p>Amell Live Sessions<\/p>\n<p>Posted by <a href=\"https:\/\/www.facebook.com\/stephenamell\">Stephen Amell<\/a> on Mittwoch, 12. August 2015<\/p><\/blockquote>\n<\/div>\n<\/div>\n<p><em>(Quelle: Facebook)<\/em><\/p>\n","protected":false},"excerpt":{"rendered":"<p>US-Schauspieler Stephen Amell, Hauptdarsteller der US-Erfolgsserie &#8222;Arrow&#8220;, hat sich nun in zwei Facebook-Videos zu diversen&#8230;<\/p>\n","protected":false},"author":13,"featured_media":63270,"comment_status":"closed","ping_status":"closed","sticky":false,"template":"","format":"standard","meta":{"_EventAllDay":false,"_EventTimezone":"","_EventStartDate":"","_EventEndDate":"","_EventStartDateUTC":"","_EventEndDateUTC":"","_EventShowMap":false,"_EventShowMapLink":false,"_EventURL":"","_EventCost":"","_EventCostDescription":"","_EventCurrencySymbol":"","_EventCurrencyCode":"","_EventCurrencyPosition":"","_EventDateTimeSeparator":"","_EventTimeRangeSeparator":"","_EventOrganizerID":[],"_EventVenueID":[],"_OrganizerEmail":"","_OrganizerPhone":"","_OrganizerWebsite":"","_VenueAddress":"","_VenueCity":"","_VenueCountry":"","_VenueProvince":"","_VenueState":"","_VenueZip":"","_VenuePhone":"","_VenueURL":"","_VenueStateProvince":"","_VenueLat":"","_VenueLng":"","_VenueShowMap":false,"_VenueShowMapLink":false,"_jetpack_newsletter_access":"","_jetpack_dont_email_post_to_subs":false,"_jetpack_newsletter_tier_id":0,"_jetpack_memberships_contains_paywalled_content":false,"_jetpack_feature_clip_id":0,"_jetpack_memberships_contains_paid_content":false,"footnotes":"","jetpack_publicize_message":"Video: Stephen Amell spricht \u00fcber eine m\u00f6gliche Zukunft bei WWE, seinem Training f\u00fcr den SummerSlam und seine Verletzung, die er beim Everett-RAW erlitten hat http:\/\/tinyurl.com\/o4x6sro","jetpack_publicize_feature_enabled":true,"jetpack_social_post_already_shared":true,"jetpack_social_options":{"image_generator_settings":{"template":"highway","default_image_id":0,"font":"","enabled":false},"version":2},"jetpack_post_was_ever_published":false,"socialize_text":"If you enjoyed this post, please consider <a href=\"#comments\">leaving a comment<\/a> or <a href=\"https:\/\/www.wrestlingcorner.de\/page\/?feed=rss2\" title=\"Syndicate this site using RSS\">subscribing to the <abbr title=\"Really Simple Syndication\">RSS<\/abbr> feed<\/a> to have future articles delivered to your feed reader.","socialize":"11,12","af_post_views_count":"119"},"categories":[3],"tags":[],"post_badge":[],"class_list":["post-70322","post","type-post","status-publish","format-standard","has-post-thumbnail","hentry","category-wwe-news"],"custom_fields":{"socialize_text":"If you enjoyed this post, please consider <a href=\"#comments\">leaving a comment<\/a> or <a href=\"https:\/\/www.wrestlingcorner.de\/page\/?feed=rss2\" title=\"Syndicate this site using RSS\">subscribing to the <abbr title=\"Really Simple Syndication\">RSS<\/abbr> feed<\/a> to have future articles delivered to your feed reader.","socialize":"11,12","af_post_views_count":"119"},"jetpack_publicize_connections":[],"featured_image_urls":{"full":["https:\/\/www.wrestlingcorner.de\/page\/wp-content\/uploads\/ab_stardust.png",250,125,false],"thumbnail":["https:\/\/www.wrestlingcorner.de\/page\/wp-content\/uploads\/ab_stardust-150x125.png",150,125,true],"medium":["https:\/\/www.wrestlingcorner.de\/page\/wp-content\/uploads\/ab_stardust.png",250,125,false],"medium_large":["https:\/\/www.wrestlingcorner.de\/page\/wp-content\/uploads\/ab_stardust.png",250,125,false],"large":["https:\/\/www.wrestlingcorner.de\/page\/wp-content\/uploads\/ab_stardust.png",250,125,false],"1536x1536":["https:\/\/www.wrestlingcorner.de\/page\/wp-content\/uploads\/ab_stardust.png",250,125,false],"2048x2048":["https:\/\/www.wrestlingcorner.de\/page\/wp-content\/uploads\/ab_stardust.png",250,125,false],"covernews-slider-full":["https:\/\/www.wrestlingcorner.de\/page\/wp-content\/uploads\/ab_stardust.png",250,125,false],"covernews-slider-center":["https:\/\/www.wrestlingcorner.de\/page\/wp-content\/uploads\/ab_stardust.png",250,125,false],"covernews-featured":["https:\/\/www.wrestlingcorner.de\/page\/wp-content\/uploads\/ab_stardust.png",250,125,false],"covernews-medium":["https:\/\/www.wrestlingcorner.de\/page\/wp-content\/uploads\/ab_stardust.png",250,125,false],"covernews-medium-square":["https:\/\/www.wrestlingcorner.de\/page\/wp-content\/uploads\/ab_stardust.png",250,125,false]},"author_info":{"info":["WrestlingCorner"]},"category_info":"<a href=\"https:\/\/www.wrestlingcorner.de\/page\/category\/news\/mainstream\/wwe-news\/\" rel=\"category tag\">WWE-News<\/a>","tag_info":"WWE-News","comment_count":"0","jetpack_sharing_enabled":true,"jetpack_likes_enabled":false,"jetpack_shortlink":"https:\/\/wp.me\/p2gB8Z-iie","jetpack_featured_media_url":"https:\/\/www.wrestlingcorner.de\/page\/wp-content\/uploads\/ab_stardust.png","_links":{"self":[{"href":"https:\/\/www.wrestlingcorner.de\/page\/wp-json\/wp\/v2\/posts\/70322","targetHints":{"allow":["GET"]}}],"collection":[{"href":"https:\/\/www.wrestlingcorner.de\/page\/wp-json\/wp\/v2\/posts"}],"about":[{"href":"https:\/\/www.wrestlingcorner.de\/page\/wp-json\/wp\/v2\/types\/post"}],"author":[{"embeddable":true,"href":"https:\/\/www.wrestlingcorner.de\/page\/wp-json\/wp\/v2\/users\/13"}],"replies":[{"embeddable":true,"href":"https:\/\/www.wrestlingcorner.de\/page\/wp-json\/wp\/v2\/comments?post=70322"}],"version-history":[{"count":3,"href":"https:\/\/www.wrestlingcorner.de\/page\/wp-json\/wp\/v2\/posts\/70322\/revisions"}],"predecessor-version":[{"id":70325,"href":"https:\/\/www.wrestlingcorner.de\/page\/wp-json\/wp\/v2\/posts\/70322\/revisions\/70325"}],"wp:featuredmedia":[{"embeddable":true,"href":"https:\/\/www.wrestlingcorner.de\/page\/wp-json\/wp\/v2\/media\/63270"}],"wp:attachment":[{"href":"https:\/\/www.wrestlingcorner.de\/page\/wp-json\/wp\/v2\/media?parent=70322"}],"wp:term":[{"taxonomy":"category","embeddable":true,"href":"https:\/\/www.wrestlingcorner.de\/page\/wp-json\/wp\/v2\/categories?post=70322"},{"taxonomy":"post_tag","embeddable":true,"href":"https:\/\/www.wrestlingcorner.de\/page\/wp-json\/wp\/v2\/tags?post=70322"},{"taxonomy":"post_badge","embeddable":true,"href":"https:\/\/www.wrestlingcorner.de\/page\/wp-json\/wp\/v2\/post_badge?post=70322"}],"curies":[{"name":"wp","href":"https:\/\/api.w.org\/{rel}","templated":true}]}}