{"id":73853,"date":"2015-09-30T20:17:24","date_gmt":"2015-09-30T18:17:24","guid":{"rendered":"http:\/\/www.wrestlingcorner.de\/page\/?p=73853"},"modified":"2016-01-21T11:21:52","modified_gmt":"2016-01-21T10:21:52","slug":"interview-mit-dem-deutschen-german-wrestling-federation-gwf-wrestler-pascal-spalter","status":"publish","type":"post","link":"https:\/\/www.wrestlingcorner.de\/page\/interview-mit-dem-deutschen-german-wrestling-federation-gwf-wrestler-pascal-spalter\/","title":{"rendered":"WrestlingCorner-Interview mit Pascal Spalter"},"content":{"rendered":"<p>Am Wochenende steht in Berlin ein zweit\u00e4giger gro\u00dfer Event der <a class=\"profileLink\" href=\"https:\/\/www.facebook.com\/groups\/210196992352490\/\" data-hovercard=\"\/ajax\/hovercard\/group.php?id=210196992352490&amp;extragetparams=%7B%22directed_target_id%22%3A437921606260953%7D\">German Wrestling Federation<\/a> (GWF) an. Wenn n\u00e4mlich am Freitag, den 02. Oktober und am Samstag,\u00a0den 03. Oktober 2015 die Stars der GWF zum\u00a0&#8222;Berlin Wrestling Tournament&#8220; in den Ring steigen. Mit dabei ist auch Pascal Spalter, der an beiden Tagen zum Einsatz kommen wird. Vor dem anstehenden Event, konnte WrestlingCorner.de\u00a0ihn f\u00fcr ein exklusives Interview gewinnen. Daf\u00fcr nochmal ein herzliches Dankesch\u00f6n an <a class=\"profileLink\" href=\"https:\/\/www.facebook.com\/Pascal.Spalter\" data-hovercard=\"\/ajax\/hovercard\/user.php?id=1176688275&amp;extragetparams=%7B%22directed_target_id%22%3A437921606260953%7D\">Pascal Spalter<\/a>.<\/p>\n<p><center><img fetchpriority=\"high\" decoding=\"async\" data-attachment-id=\"73854\" data-permalink=\"https:\/\/www.wrestlingcorner.de\/page\/interview-mit-dem-deutschen-german-wrestling-federation-gwf-wrestler-pascal-spalter\/_r2a2119\/\" data-orig-file=\"https:\/\/www.wrestlingcorner.de\/page\/wp-content\/uploads\/R2A2119.jpg\" data-orig-size=\"500,630\" data-comments-opened=\"0\" data-image-meta=\"{&quot;aperture&quot;:&quot;0&quot;,&quot;credit&quot;:&quot;&quot;,&quot;camera&quot;:&quot;&quot;,&quot;caption&quot;:&quot;&quot;,&quot;created_timestamp&quot;:&quot;0&quot;,&quot;copyright&quot;:&quot;&quot;,&quot;focal_length&quot;:&quot;0&quot;,&quot;iso&quot;:&quot;0&quot;,&quot;shutter_speed&quot;:&quot;0&quot;,&quot;title&quot;:&quot;&quot;,&quot;orientation&quot;:&quot;0&quot;}\" data-image-title=\"GWF-PascalSpalter\" data-image-description=\"\" data-image-caption=\"\" data-large-file=\"https:\/\/www.wrestlingcorner.de\/page\/wp-content\/uploads\/R2A2119.jpg\" class=\"alignnone size-medium wp-image-73854\" src=\"https:\/\/www.wrestlingcorner.de\/page\/wp-content\/uploads\/R2A2119-238x300.jpg\" alt=\"_R2A2119\" width=\"238\" height=\"300\" srcset=\"https:\/\/www.wrestlingcorner.de\/page\/wp-content\/uploads\/R2A2119-238x300.jpg 238w, https:\/\/www.wrestlingcorner.de\/page\/wp-content\/uploads\/R2A2119-250x315.jpg 250w, https:\/\/www.wrestlingcorner.de\/page\/wp-content\/uploads\/R2A2119-139x175.jpg 139w, https:\/\/www.wrestlingcorner.de\/page\/wp-content\/uploads\/R2A2119.jpg 500w\" sizes=\"(max-width: 238px) 100vw, 238px\" \/><\/center><strong>WrestlingCorner.de:<\/strong> Hallo Pascal, erst einmal ein Dankesch\u00f6n daf\u00fcr, dass Du dir die Zeit f\u00fcr dieses Interview nimmst. Am Wochenende (02.-03. Oktober 2015) findet bei euch das &#8222;Berlin Wrestling Tournament&#8220; statt. Du wirst dort in einem 6 Mann Tag Team Match mit von der Partie sein. Deine beiden Tag Team Partner werden &#8222;Chaos und K\u00f6rperverletzung&#8220;, bestehend aus dem tasmanischen Teufel Koray und dem anabol-anatolischen Pitbull Cem Kaplan sein. Ihr werdet dort auf Marty Fabz und seine beiden noch nicht bekannten Partner treffen. Du wirst aber auch noch als Single Wrestler antreten habe ich geh\u00f6rt, stimmt das?<\/p>\n<p>Pascal Spalter: <em>&#8222;Am Freitag gibt es das Tag Team Match und soweit ich wei\u00df bin ich am Samstag als Single Wrestler bei der Show. Ich werde auf jeden Fall an beiden Abenden k\u00e4mpfen in Berlin. F\u00fcr uns alle ist die Doppelshow etwas ganz besonderes, da wir zum ersten Mal seit vielen Jahren zwei Tage hintereinander in der Hauptstadt veranstalten. Der komplette GWF-Kader ist h\u00f6chst motiviert. Desweiteren wird der neue GWF-Berlin Champion gekr\u00f6nt. Das war mein Titel bis zur Vakantierung und ich bin gespannt wer das Rennen macht! Und werde nat\u00fcrlich ein besonderes Auge auf denjenigen werfen! (grinst)&#8220;<\/em><\/p>\n<p><strong>WrestlingCorner.de:<\/strong> Bist du lieber als Single-Wrestler oder im Tag Team unterwegs? Und welche Rolle liegt dir mehr, die des B\u00f6sewichtes (Heel) oder die des Fan-Liebling (Face)?<\/p>\n<p>Pascal Spalter: <em>&#8222;Tag Team sowie Single hat seine Vorteile. Ich trete aber lieber als Single Wrestler auf. Nur in der Schweiz, da bin ich im Team mit dem Schotten Grado und das macht aktuell wirklich Spa\u00df. In der GWF war ich auch Tag Team Champion mit Petar Bojetz, das war auch eine sch\u00f6ne Zeit. Am Anfang wurden wir gehasst und zum Schluss von den Fans geliebt und gefeiert! Ich liebe es als Face aufzutreten und f\u00fcr die Fans ein Held zu sein. Aber ich bin definitiv der geborene B\u00f6sewicht im Ring.&#8220;<\/em><\/p>\n<p><strong>WrestlingCorner.de:<\/strong> Mit deinen gerade mal 25 Jahren bist du ja noch ziemlich jung. Du bist aber auch schon seit 2007 als Wrestler mit dabei. Was waren dabei bisher deine gr\u00f6\u00dften Erfolge?<\/p>\n<p>Pascal Spalter: <em>&#8222;Meine gr\u00f6\u00dften Erfolge waren die Etappen die ich erreichen wollte, einmal im Ring zu stehen, einmal in der Power-Wrestling sein und dann vieles mehr. Inzwischen war ich GWF-Berlin Champion und habe lange Zeit die GWF als Champion pr\u00e4sentiert. Ich war in vielen Promotions Champion sowohl Single als auch Tag Team Champion. Wichtig ist aber auch die Zukunft, und da sind die Ziele mit der GWF ganz oben gesteckt. Wir bespielen inzwischen mehrere St\u00e4dte und es sollen noch viele dazu kommen! Einer unserer Jungs (Axel Tischer) hat einen Vertrag bei der WWE bekommen und ist seit mehreren Monaten bei NXT zu sehen. Das motiviert mich jeden Tag aufs Neue.&#8220;<\/em><\/p>\n<p><strong>WrestlingCorner.de:<\/strong> Zwischendurch warst Du im Jahr 2012 auch fast ein ganzes Jahr auf RTL II zu sehen bei &#8222;Berlin: Tag und Nacht&#8220;. Bereust Du diese Zeit oder war das f\u00fcr dich eine positive Sache und Erfahrung?<\/p>\n<p>Pascal Spalter: <em>&#8222;Ich bereue davon gar nichts. Warum auch? Unsere Trainer Ahmed und Mike haben uns zum Casting geschickt, da dort vielleicht Jobs rausspringen k\u00f6nnten. Also bin ich dorthin und habe ca. ein Jahr nichts geh\u00f6rt von denen. Dann kam der Anruf und ich wusste nicht was mich erwartet. Erst als ich im B\u00fcro sa\u00df und meinen Vertrag aushandelte f\u00fcr die Serie &#8222;Berlin: Tag und Nacht&#8220;, realisierte ich, dass ich dort Vollzeit besch\u00e4ftigt sein werde und das f\u00fcr eine Zeit mein Fulltime Job sein wird. Das Wrestling und die Ratschl\u00e4ge meiner Trainer hat mir in der Zeit sehr geholfen. Ich k\u00f6nnte mit den Erlebnissen bestimmt mehr als ein Interview f\u00fchren. Ich will nur an dieser Stelle sagen, dass ich meinen Trainern sehr dankbar bin, dass sie auf mich aufgepasst haben.&#8220;<\/em><\/p>\n<p><strong>WrestlingCorner.de:<\/strong> Wie kamst Du denn eigentlich zum Wrestling und wann war das erste Mal, dass Du dich f\u00fcr das Wrestling interessiert hast? Das ist so eine Art Standard-Frage von mir (lacht), aber das w\u00fcrde mich und unsere Leser schon sehr gerne interessieren!<\/p>\n<p>Pascal Spalter: <em>&#8222;Mein Cousin und meinte Tante haben am Anfang der 90er Jahre die WWF verfolgt. Ich habe so ca. 1995-1996 die ersten aussortierten Hasbro Figuren bekommen und kurz danach in Umzugskartons meiner Tante, welche bei meinen Gro\u00dfeltern standen VHS-Kassetten mit Aufnahmen vom Summerslam 95 und weiteren Gro\u00dfveranstaltungen gefunden. Die Kassetten habe ich gef\u00fchlte 1000 mal geschaut und war einfach nur fasziniert. Ich war im Wrestling-Fieber.\u00a0<\/em><em>Ca. 10 Jahre sp\u00e4ter kurz vor meinem 16. Geburtstag hatte ich dann mein erstes Wrestling Training, bei dem Verein <a href=\"http:\/\/l.facebook.com\/l.php?u=http%3A%2F%2FEurowrestling.com%2F&amp;h=2AQF-4Aw0AQFEa1yeKjJ377vjZ-NhAX4H7aj2wvex-KxY3g&amp;enc=AZOJvA6iYLwgqgJqUhFaSe9q3vTLpGUCNS6GK6UvQpD2hkapbZ0BhDfmyKd-6CD5xlf0sMTwJcp59-i3a742foOq77J9975k6290V5k8krjSYjuX_4RWhW3HlMc7Dg1U5FRy1TsjUzTEze061akv-QpkngvibhoO_x_fwwEU-hjKZQ&amp;s=1\" target=\"_blank\" rel=\"nofollow\">Eurowrestling.com<\/a>. 2008 wechselte ich dann zur GWF und trainiere seitdem dort jede Woche 2-3 mal unter der Leitung von Ahmed Chaer und Crazy Sexy Mike in Berlin.&#8220;<\/em><\/p>\n<p><strong>WrestlingCorner.de:<\/strong> Wer waren damals Deine Vorbilder, als Du das erste Mal Wrestling im TV geschaut hattest und wer sind heutzutage die Wrestler, die Du am Besten findest?<\/p>\n<p>Pascal Spalter: <em>&#8222;Damals waren es Bret Hart, Shawn Michaels und der Undertaker. Inzwischen bin ich ein riesen Fan von Owen Hart. Ich mag Cesaro Matches sehr und finde die Geschichten zur seiner Einstellung zum Business sehr inspirierend. Ich mochte das Match zwischen Roman Reigns und Brock Lesnar bei Wrestlemania in diesem Jahr. Das hat mir sehr gut gefallen!&#8220;<\/em><\/p>\n<p><strong>WrestlingCorner.de:<\/strong> Was sind Deine Ziele f\u00fcr deine zuk\u00fcnftige Wrestling-Karriere? K\u00f6nntest Du dir auch vorstellen in den USA eine Karriere zu starten, wie es k\u00fcrzlich auch dein ehemaliger Kollege Axel Tischer vorgemacht hat, den du ja bereits erw\u00e4hnt hattest?<\/p>\n<p>Pascal Spalter: <em>&#8222;Absolut! Ich w\u00fcrde sofort eine Karriere dort starten. Ich arbeite daran. Am Ende des Tages liegt die Entscheidung allerdings bei der WWE und da ist es genauso wie auch bei Berlin Tag und Nacht. Die Produktion muss eine Verwendung und Idee haben, ansonsten besteht eben kein Bedarf! Ich kann mich nur bereithalten und daf\u00fcr sorgen, dass sie mich auf dem Schirm haben.&#8220;<\/em><\/p>\n<p><strong>WrestlingCorner.de:<\/strong> Du bist ja ein ganz sch\u00f6ner Brocken mit deinen 191 cm und 130 kg. Ich kann mir vorstellen, dass deine Gegner im Ring geh\u00f6rigen Respekt vor dir haben. Sp\u00fcrst du, oder merkst du es, dass deine Gegner im Ring vor deiner Masse Respekt haben?<\/p>\n<p>Pascal Spalter: <em>&#8222;Das ist eine gute Frage, ich denke das ein echter Fighter keine Angst hat und ihm das auch egal ist. Wenn du mit Angst oder zu viel Respekt in den Ring gehst, dann schmei\u00df lieber gleich das Handtuch. Ahmed Chaer ist das beste Beispiel, ihm war und ist es immer egal wie gro\u00df der Gegner ist. Mir geht es da genauso, am Ende des Tages z\u00e4hlt nur der Sieg und sp\u00e4ter fragt eh keiner mehr wie schwer oder gro\u00df der Gegner war! (lacht)&#8220;<\/em><\/p>\n<p><strong>WrestlingCorner.de:<\/strong> Welche Moves f\u00fchrst Du im Ring am liebsten aus?<\/p>\n<p>Pascal Spalter: <em>&#8222;Running Powerslam, Lariat, Belly to Belly Overhead, Highcrossbody, Senton over Top-Rope und nat\u00fcrlich den sogenannten Toilettensitz!&#8220;<\/em><\/p>\n<p><strong>WrestlingCorner.de:<\/strong> Da sind ja schon ein paar spektakul\u00e4re Moves schon mit dabei. Nun zur n\u00e4chsten Frage. Du schaust dir ja ganz bestimmt auch die US Wrestling-Ligen an, oder? Was h\u00e4lst du von der WWE, von TNA (f\u00fcr die es ja nicht mehr so rosig ausschaut), oder aber auch von Ring Of Honor (ROH). Verfolgst du dort das aktuelle Geschehen?<\/p>\n<p>Pascal Spalter: <em>&#8222;Von TNA und ROH lese ich nur ab und an mal was oder h\u00f6re Ger\u00fcchte. Ich schalte \u00f6fter bei der WWE ein und gucke gern RAW oder SmackDown und \u00f6fter auch NXT. Ich schaue mir wenn es geht auch oft \u00e4ltere K\u00e4mpfe an. Fights aus Japan. Von der WWE halte ich sehr viel, sie sind an der Spitze und machen einen sehr guten Job im Vergleich.\u00a0<\/em><em>Ich finde Lucha Underground sehr innovativ und beobachte regelm\u00e4\u00dfig NJPW.&#8220;<\/em><\/p>\n<p><strong>WrestlingCorner.de:<\/strong> Die meisten Wrestlingfans lesen ja meist auf mehreren Newsseiten, um sich bestm\u00f6glich zu informieren. Interessierst du dich f\u00fcr solche Seiten und wie findest du solche Newsseiten bzw. auch Wrestling-Gruppen in den sozialen Netzwerken?<\/p>\n<p>Pascal Spalter: <em>&#8222;Ich nutze die News-Seiten haupts\u00e4chlich um Resultate zu lesen. Ansonsten kann ich mit Gewissheit sagen, dass viele Ger\u00fcchte \u00fcber die WWE oft nicht stimmen. Zum informieren \u00fcber anstehende Shows, Ergebnisse oder etwas Gossip sind die Seiten aber super!&#8220;<\/em><\/p>\n<p><strong>WrestlingCorner.de:<\/strong> Zum Abschluss kannst Du unseren Lesern nochmal sagen, warum es sich lohnt am Wochenende zu Euch nach Berlin zu kommen und sich die GWF-Events anzuschauen.<\/p>\n<p>Pascal Spalter:<em> &#8222;Schaut euch einfach an <a href=\"https:\/\/www.facebook.com\/l.php?u=https%3A%2F%2Fyoutu.be%2FG8VIVfeQTB0&amp;h=TAQHUh_XgAQHFD4YLFm_gorRlaJ62jcJc768eeD4IXLrqVg&amp;enc=AZP5skg1oPUKG6HxnquUVyQF0At8-MKB7GIpnJAuLm7d458J47ly_FjQJ4w_JcQXwH4ZcQTDOaCeg-SwLlPcSApiHndXv1luABAEtUJIF_0XPj3uUE1wrLp50uCir9qAt1d2a2rI_N5MEe6UJ9VUYuz-w_akpaZzpKhHFX_ic_gdOA&amp;s=1\" target=\"_blank\" rel=\"nofollow\">https:\/\/youtu.be\/G8VIVfeQTB0<\/a> oder guckt die Trailer auf <a href=\"https:\/\/vimeo.com\/gwfwrestling\" target=\"_blank\" rel=\"nofollow\">https:\/\/vimeo.com\/gwfwrestling<\/a> und besucht die Seite<a href=\"http:\/\/l.facebook.com\/l.php?u=http%3A%2F%2Fwww.gwf-wrestling.com%2F&amp;h=zAQENuFg7AQEr2Da_9eQ7nwDJVjkD2wAKrU3ynzH2_sA3DQ&amp;enc=AZNIsW3ewFszgyncyUac_mHLfFfMlaXLuCkkHvHYOGsPmlVkW0hsjPCZ5C8y4bXPCG1OSH-JuZtw4QS9Cdo2x973vQs2WI_2ExX8aCTLCYiwWP4b1FJwRzrO-f7LZquvIb8Ihkeo9-4sbSwbnWrsKasjbJN0_PV4UkAhZJ_eUkbqOg&amp;s=1\" target=\"_blank\" rel=\"nofollow\">www.gwf-wrestling.com.<\/a> Wenn Ihr das gesehen habt, dann wisst ihr warum es sich lohnt!&#8220;<\/em><\/p>\n<p><strong>WrestlingCorner.de:<\/strong> So, das war es erst einmal von meiner Seite aus. Ich w\u00fcnsche Dir f\u00fcr die Zukunft viel Gl\u00fcck, Erfolg und dass Du von Verletzungen verschont bleibst.<\/p>\n<p>Das Interview f\u00fchrte Martin Mahony exklusiv f\u00fcr WrestlingCorner.de und die Facebook Wrestling-Gruppe \u201eWWE &amp; Pro Wrestling Inside\u201c.<\/p>\n","protected":false},"excerpt":{"rendered":"<p>Am Wochenende steht in Berlin ein zweit\u00e4giger gro\u00dfer Event der German Wrestling Federation (GWF) an&#8230;.<\/p>\n","protected":false},"author":13,"featured_media":9045,"comment_status":"closed","ping_status":"closed","sticky":false,"template":"","format":"standard","meta":{"_EventAllDay":false,"_EventTimezone":"","_EventStartDate":"","_EventEndDate":"","_EventStartDateUTC":"","_EventEndDateUTC":"","_EventShowMap":false,"_EventShowMapLink":false,"_EventURL":"","_EventCost":"","_EventCostDescription":"","_EventCurrencySymbol":"","_EventCurrencyCode":"","_EventCurrencyPosition":"","_EventDateTimeSeparator":"","_EventTimeRangeSeparator":"","_EventOrganizerID":[],"_EventVenueID":[],"_OrganizerEmail":"","_OrganizerPhone":"","_OrganizerWebsite":"","_VenueAddress":"","_VenueCity":"","_VenueCountry":"","_VenueProvince":"","_VenueState":"","_VenueZip":"","_VenuePhone":"","_VenueURL":"","_VenueStateProvince":"","_VenueLat":"","_VenueLng":"","_VenueShowMap":false,"_VenueShowMapLink":false,"jetpack_post_was_ever_published":false,"_jetpack_newsletter_access":"","_jetpack_dont_email_post_to_subs":false,"_jetpack_newsletter_tier_id":0,"_jetpack_memberships_contains_paywalled_content":false,"_jetpack_memberships_contains_paid_content":false,"footnotes":"","jetpack_publicize_message":"Interview mit dem deutschen German Wrestling Federation (GWF) Wrestler Pascal Spalter","jetpack_publicize_feature_enabled":true,"jetpack_social_post_already_shared":true,"jetpack_social_options":{"image_generator_settings":{"template":"highway","default_image_id":0,"font":"","enabled":false},"version":2}},"categories":[127,165],"tags":[],"post_badge":[],"class_list":["post-73853","post","type-post","status-publish","format-standard","has-post-thumbnail","hentry","category-europa","category-interviews"],"jetpack_publicize_connections":[],"featured_image_urls":{"full":["https:\/\/www.wrestlingcorner.de\/page\/wp-content\/uploads\/news-gwf1.jpg",250,125,false],"thumbnail":["https:\/\/www.wrestlingcorner.de\/page\/wp-content\/uploads\/news-gwf1-150x125.jpg",150,125,true],"medium":["https:\/\/www.wrestlingcorner.de\/page\/wp-content\/uploads\/news-gwf1.jpg",250,125,false],"medium_large":["https:\/\/www.wrestlingcorner.de\/page\/wp-content\/uploads\/news-gwf1.jpg",250,125,false],"large":["https:\/\/www.wrestlingcorner.de\/page\/wp-content\/uploads\/news-gwf1.jpg",250,125,false],"1536x1536":["https:\/\/www.wrestlingcorner.de\/page\/wp-content\/uploads\/news-gwf1.jpg",250,125,false],"2048x2048":["https:\/\/www.wrestlingcorner.de\/page\/wp-content\/uploads\/news-gwf1.jpg",250,125,false],"covernews-slider-full":["https:\/\/www.wrestlingcorner.de\/page\/wp-content\/uploads\/news-gwf1.jpg",250,125,false],"covernews-slider-center":["https:\/\/www.wrestlingcorner.de\/page\/wp-content\/uploads\/news-gwf1.jpg",250,125,false],"covernews-featured":["https:\/\/www.wrestlingcorner.de\/page\/wp-content\/uploads\/news-gwf1.jpg",250,125,false],"covernews-medium":["https:\/\/www.wrestlingcorner.de\/page\/wp-content\/uploads\/news-gwf1.jpg",250,125,false],"covernews-medium-square":["https:\/\/www.wrestlingcorner.de\/page\/wp-content\/uploads\/news-gwf1.jpg",250,125,false]},"author_info":{"info":["WrestlingCorner"]},"category_info":"<a href=\"https:\/\/www.wrestlingcorner.de\/page\/category\/news\/worldwide\/europa\/\" rel=\"category tag\">Europa<\/a> <a href=\"https:\/\/www.wrestlingcorner.de\/page\/category\/news\/intern\/interviews\/\" rel=\"category tag\">Interviews<\/a>","tag_info":"Interviews","comment_count":"0","jetpack_featured_media_url":"https:\/\/www.wrestlingcorner.de\/page\/wp-content\/uploads\/news-gwf1.jpg","jetpack_sharing_enabled":true,"jetpack_likes_enabled":false,"jetpack_shortlink":"https:\/\/wp.me\/p2gB8Z-jdb","_links":{"self":[{"href":"https:\/\/www.wrestlingcorner.de\/page\/wp-json\/wp\/v2\/posts\/73853","targetHints":{"allow":["GET"]}}],"collection":[{"href":"https:\/\/www.wrestlingcorner.de\/page\/wp-json\/wp\/v2\/posts"}],"about":[{"href":"https:\/\/www.wrestlingcorner.de\/page\/wp-json\/wp\/v2\/types\/post"}],"author":[{"embeddable":true,"href":"https:\/\/www.wrestlingcorner.de\/page\/wp-json\/wp\/v2\/users\/13"}],"replies":[{"embeddable":true,"href":"https:\/\/www.wrestlingcorner.de\/page\/wp-json\/wp\/v2\/comments?post=73853"}],"version-history":[{"count":9,"href":"https:\/\/www.wrestlingcorner.de\/page\/wp-json\/wp\/v2\/posts\/73853\/revisions"}],"predecessor-version":[{"id":81851,"href":"https:\/\/www.wrestlingcorner.de\/page\/wp-json\/wp\/v2\/posts\/73853\/revisions\/81851"}],"wp:featuredmedia":[{"embeddable":true,"href":"https:\/\/www.wrestlingcorner.de\/page\/wp-json\/wp\/v2\/media\/9045"}],"wp:attachment":[{"href":"https:\/\/www.wrestlingcorner.de\/page\/wp-json\/wp\/v2\/media?parent=73853"}],"wp:term":[{"taxonomy":"category","embeddable":true,"href":"https:\/\/www.wrestlingcorner.de\/page\/wp-json\/wp\/v2\/categories?post=73853"},{"taxonomy":"post_tag","embeddable":true,"href":"https:\/\/www.wrestlingcorner.de\/page\/wp-json\/wp\/v2\/tags?post=73853"},{"taxonomy":"post_badge","embeddable":true,"href":"https:\/\/www.wrestlingcorner.de\/page\/wp-json\/wp\/v2\/post_badge?post=73853"}],"curies":[{"name":"wp","href":"https:\/\/api.w.org\/{rel}","templated":true}]}}