{"id":83140,"date":"2016-02-08T06:12:59","date_gmt":"2016-02-08T05:12:59","guid":{"rendered":"http:\/\/www.wrestlingcorner.de\/page\/?p=83140"},"modified":"2016-02-08T06:12:59","modified_gmt":"2016-02-08T05:12:59","slug":"update-zum-status-von-brock-lesnar-fuer-das-smackdown-tv-taping-in-portland-oregon-09-februar-2016","status":"publish","type":"post","link":"https:\/\/www.wrestlingcorner.de\/page\/update-zum-status-von-brock-lesnar-fuer-das-smackdown-tv-taping-in-portland-oregon-09-februar-2016\/","title":{"rendered":"Update zum Status von Brock Lesnar f\u00fcr das SmackDown! TV-Taping in Portland, Oregon (09. Februar 2016)"},"content":{"rendered":"<p>In einem Update bez\u00fcglich dem Status von Brock Lesnar f\u00fcr die diesw\u00f6chigen SmackDown! TV-Tapings in Portland, Oregon am Dienstag, den 09. Februar 2016 hei\u00dft es nun auf F4WOnline.com, dass Brock Lesnar nun doch nicht bei den besagten SmackDown! TV-Tapings auftreten wird. Brock Lesnar &amp; Paul Heyman werden jedoch wie geplant bei den heutigen RAW TV-Tapings in Seattle, Washington (08. Februar 2016) auftreten.<\/p>\n<p><em>(Quelle: WrestlingINC \/ F4WOnline)<\/em><\/p>\n","protected":false},"excerpt":{"rendered":"<p>In einem Update bez\u00fcglich dem Status von Brock Lesnar f\u00fcr die diesw\u00f6chigen SmackDown! TV-Tapings in&#8230;<\/p>\n","protected":false},"author":13,"featured_media":69863,"comment_status":"closed","ping_status":"closed","sticky":false,"template":"","format":"standard","meta":{"_EventAllDay":false,"_EventTimezone":"","_EventStartDate":"","_EventEndDate":"","_EventStartDateUTC":"","_EventEndDateUTC":"","_EventShowMap":false,"_EventShowMapLink":false,"_EventURL":"","_EventCost":"","_EventCostDescription":"","_EventCurrencySymbol":"","_EventCurrencyCode":"","_EventCurrencyPosition":"","_EventDateTimeSeparator":"","_EventTimeRangeSeparator":"","_EventOrganizerID":[],"_EventVenueID":[],"_OrganizerEmail":"","_OrganizerPhone":"","_OrganizerWebsite":"","_VenueAddress":"","_VenueCity":"","_VenueCountry":"","_VenueProvince":"","_VenueState":"","_VenueZip":"","_VenuePhone":"","_VenueURL":"","_VenueStateProvince":"","_VenueLat":"","_VenueLng":"","_VenueShowMap":false,"_VenueShowMapLink":false,"jetpack_post_was_ever_published":false,"_jetpack_newsletter_access":"","_jetpack_dont_email_post_to_subs":false,"_jetpack_newsletter_tier_id":0,"_jetpack_memberships_contains_paywalled_content":false,"_jetpack_memberships_contains_paid_content":false,"footnotes":"","jetpack_publicize_message":"Update zum Status von Brock Lesnar f\u00fcr das SmackDown! TV-Taping in Portland, Oregon (09. Februar 2016)","jetpack_publicize_feature_enabled":true,"jetpack_social_post_already_shared":true,"jetpack_social_options":{"image_generator_settings":{"template":"highway","default_image_id":0,"font":"","enabled":false},"version":2}},"categories":[3],"tags":[],"post_badge":[],"class_list":["post-83140","post","type-post","status-publish","format-standard","has-post-thumbnail","hentry","category-wwe-news"],"jetpack_publicize_connections":[],"featured_image_urls":{"full":["https:\/\/www.wrestlingcorner.de\/page\/wp-content\/uploads\/news-brocklesnar.jpg",250,125,false],"thumbnail":["https:\/\/www.wrestlingcorner.de\/page\/wp-content\/uploads\/news-brocklesnar-150x125.jpg",150,125,true],"medium":["https:\/\/www.wrestlingcorner.de\/page\/wp-content\/uploads\/news-brocklesnar.jpg",250,125,false],"medium_large":["https:\/\/www.wrestlingcorner.de\/page\/wp-content\/uploads\/news-brocklesnar.jpg",250,125,false],"large":["https:\/\/www.wrestlingcorner.de\/page\/wp-content\/uploads\/news-brocklesnar.jpg",250,125,false],"1536x1536":["https:\/\/www.wrestlingcorner.de\/page\/wp-content\/uploads\/news-brocklesnar.jpg",250,125,false],"2048x2048":["https:\/\/www.wrestlingcorner.de\/page\/wp-content\/uploads\/news-brocklesnar.jpg",250,125,false],"covernews-slider-full":["https:\/\/www.wrestlingcorner.de\/page\/wp-content\/uploads\/news-brocklesnar.jpg",250,125,false],"covernews-slider-center":["https:\/\/www.wrestlingcorner.de\/page\/wp-content\/uploads\/news-brocklesnar.jpg",250,125,false],"covernews-featured":["https:\/\/www.wrestlingcorner.de\/page\/wp-content\/uploads\/news-brocklesnar.jpg",250,125,false],"covernews-medium":["https:\/\/www.wrestlingcorner.de\/page\/wp-content\/uploads\/news-brocklesnar.jpg",250,125,false],"covernews-medium-square":["https:\/\/www.wrestlingcorner.de\/page\/wp-content\/uploads\/news-brocklesnar.jpg",250,125,false]},"author_info":{"info":["WrestlingCorner"]},"category_info":"<a href=\"https:\/\/www.wrestlingcorner.de\/page\/category\/news\/mainstream\/wwe-news\/\" rel=\"category tag\">WWE-News<\/a>","tag_info":"WWE-News","comment_count":"0","jetpack_featured_media_url":"https:\/\/www.wrestlingcorner.de\/page\/wp-content\/uploads\/news-brocklesnar.jpg","jetpack_sharing_enabled":true,"jetpack_likes_enabled":false,"jetpack_shortlink":"https:\/\/wp.me\/p2gB8Z-lCY","_links":{"self":[{"href":"https:\/\/www.wrestlingcorner.de\/page\/wp-json\/wp\/v2\/posts\/83140","targetHints":{"allow":["GET"]}}],"collection":[{"href":"https:\/\/www.wrestlingcorner.de\/page\/wp-json\/wp\/v2\/posts"}],"about":[{"href":"https:\/\/www.wrestlingcorner.de\/page\/wp-json\/wp\/v2\/types\/post"}],"author":[{"embeddable":true,"href":"https:\/\/www.wrestlingcorner.de\/page\/wp-json\/wp\/v2\/users\/13"}],"replies":[{"embeddable":true,"href":"https:\/\/www.wrestlingcorner.de\/page\/wp-json\/wp\/v2\/comments?post=83140"}],"version-history":[{"count":1,"href":"https:\/\/www.wrestlingcorner.de\/page\/wp-json\/wp\/v2\/posts\/83140\/revisions"}],"predecessor-version":[{"id":83141,"href":"https:\/\/www.wrestlingcorner.de\/page\/wp-json\/wp\/v2\/posts\/83140\/revisions\/83141"}],"wp:featuredmedia":[{"embeddable":true,"href":"https:\/\/www.wrestlingcorner.de\/page\/wp-json\/wp\/v2\/media\/69863"}],"wp:attachment":[{"href":"https:\/\/www.wrestlingcorner.de\/page\/wp-json\/wp\/v2\/media?parent=83140"}],"wp:term":[{"taxonomy":"category","embeddable":true,"href":"https:\/\/www.wrestlingcorner.de\/page\/wp-json\/wp\/v2\/categories?post=83140"},{"taxonomy":"post_tag","embeddable":true,"href":"https:\/\/www.wrestlingcorner.de\/page\/wp-json\/wp\/v2\/tags?post=83140"},{"taxonomy":"post_badge","embeddable":true,"href":"https:\/\/www.wrestlingcorner.de\/page\/wp-json\/wp\/v2\/post_badge?post=83140"}],"curies":[{"name":"wp","href":"https:\/\/api.w.org\/{rel}","templated":true}]}}