{"id":83377,"date":"2016-02-11T09:07:31","date_gmt":"2016-02-11T08:07:31","guid":{"rendered":"http:\/\/www.wrestlingcorner.de\/page\/?p=83377"},"modified":"2016-02-11T09:07:31","modified_gmt":"2016-02-11T08:07:31","slug":"update-zur-suspendierung-von-titus-oneil-wegen-rassismus-vorwuerfe-gegen-vince-mcmahon-nun-nur-noch-60-tage-suspendiert-batista-raet-titus-oneil-zur-sofortigen-kuendigung","status":"publish","type":"post","link":"https:\/\/www.wrestlingcorner.de\/page\/update-zur-suspendierung-von-titus-oneil-wegen-rassismus-vorwuerfe-gegen-vince-mcmahon-nun-nur-noch-60-tage-suspendiert-batista-raet-titus-oneil-zur-sofortigen-kuendigung\/","title":{"rendered":"Update zur Suspendierung von Titus O&#8217;Neil: Wegen Rassismus-Vorw\u00fcrfe gegen Vince McMahon nun nur noch 60 Tage suspendiert \/ Batista r\u00e4t Titus O&#8217;Neil zur sofortigen K\u00fcndigung"},"content":{"rendered":"<p>Wie WrestlingCorner.de bereits berichtete, wurde WWE Superstar Titus O\u2019Neil am Dienstag, den 09. Februar 2016 bei den aktuellen SmackDown! TV-Tapings in Portland, Oregon kurz nach seiner Ankunft wieder nach Hause geschickt und dar\u00fcber informiert, dass er aufgrund unprofessionellen Verhaltens von der WWE f\u00fcr 90 Tage suspendiert worden ist, weil er in der diesw\u00f6chigen RAW Episode in Seattle, Washington (08. Februar 2016) im Rahmen der \u201eRetirement Speech\u201c von Daniel Bryan auf der Entrance Stage beim versammelten WWE Roster in den letzten Sekunden der LIVE-\u00dcbertragung auf dem WWE Network herumalberte und Vince McMahon vor der laufenden Kamera in einer verspielten Art und Weise k\u00f6rperlich ber\u00fchrt hat.<\/p>\n<p>Nun wird in einem Update von WrestlingINC berichtet, dass Batista nach Bekanntwerden der Suspendierung sofort Titus O&#8217;Neil angerufen und ihm vorgeschlagen haben soll, dass er um seine sofortige Entlassung bei WWE bitten soll. Bekanntlich ist Batista ein sehr guter Freund von Titus O&#8217;Neil und hat in der Vergangenheit eine gro\u00dfe Rolle dabei gespielt, warum Titus O&#8217;Neil \u00fcberhaupt ins Wrestlingbusiness eingestiegen ist. Via Twitter \u00e4u\u00dferte sich Batista wie folgt:<\/p>\n<p>https:\/\/twitter.com\/DaveBautista\/status\/697585006563217408<\/p>\n<p>The New York Post berichtet nun, dass die WWE aufgrund der harten Kritiken vieler Fans die Suspendierung von Titus O&#8217;Neil ge\u00e4ndert hat, nachdem viele aufgebrachte Fans Vince McMahon wegen der Suspendierung von Titus O&#8217;Neil \u00f6ffentlich als Rassist bezeichnet haben, weil Titus O&#8217;Neil ein &#8222;schwarzer Wrestler&#8220; sei. Demnach zufolge ist Titus O&#8217;Neil nun nicht mehr f\u00fcr 90 Tage, sondern nur noch f\u00fcr 60 Tage suspendiert. Allerdings wird Titus O&#8217;Neil dadurch trotzdem weiterhin WrestleMania 32 und den allj\u00e4hrlichen WrestleMania-Paycheck verpassen. Ein WWE Sprecher \u00e4u\u00dferte sich zum aktuellen Umstand wie folgt:\u00a0<em><strong>&#8222;The suspension of Titus O&#8217;Neil had nothing to do with race and everything to do with unprofessional conduct.&#8220;<\/strong><\/em><\/p>\n<p><em>(Quelle: WrestlingINC)<\/em><\/p>\n<p>&nbsp;<\/p>\n","protected":false},"excerpt":{"rendered":"<p>Wie WrestlingCorner.de bereits berichtete, wurde WWE Superstar Titus O\u2019Neil am Dienstag, den 09. Februar 2016&#8230;<\/p>\n","protected":false},"author":13,"featured_media":29140,"comment_status":"closed","ping_status":"closed","sticky":false,"template":"","format":"standard","meta":{"_EventAllDay":false,"_EventTimezone":"","_EventStartDate":"","_EventEndDate":"","_EventStartDateUTC":"","_EventEndDateUTC":"","_EventShowMap":false,"_EventShowMapLink":false,"_EventURL":"","_EventCost":"","_EventCostDescription":"","_EventCurrencySymbol":"","_EventCurrencyCode":"","_EventCurrencyPosition":"","_EventDateTimeSeparator":"","_EventTimeRangeSeparator":"","_EventOrganizerID":[],"_EventVenueID":[],"_OrganizerEmail":"","_OrganizerPhone":"","_OrganizerWebsite":"","_VenueAddress":"","_VenueCity":"","_VenueCountry":"","_VenueProvince":"","_VenueState":"","_VenueZip":"","_VenuePhone":"","_VenueURL":"","_VenueStateProvince":"","_VenueLat":"","_VenueLng":"","_VenueShowMap":false,"_VenueShowMapLink":false,"jetpack_post_was_ever_published":false,"_jetpack_newsletter_access":"","_jetpack_dont_email_post_to_subs":false,"_jetpack_newsletter_tier_id":0,"_jetpack_memberships_contains_paywalled_content":false,"_jetpack_memberships_contains_paid_content":false,"footnotes":"","jetpack_publicize_message":"Update zur Suspendierung von Titus O'Neil: Wegen Rassismus-Vorw\u00fcrfe gegen Vince McMahon nun nur noch 60 Tage suspendiert \/ Batista r\u00e4t Titus O'Neil zur sofortigen K\u00fcndigung","jetpack_publicize_feature_enabled":true,"jetpack_social_post_already_shared":true,"jetpack_social_options":{"image_generator_settings":{"template":"highway","default_image_id":0,"font":"","enabled":false},"version":2}},"categories":[3],"tags":[],"post_badge":[],"class_list":["post-83377","post","type-post","status-publish","format-standard","has-post-thumbnail","hentry","category-wwe-news"],"jetpack_publicize_connections":[],"featured_image_urls":{"full":["https:\/\/www.wrestlingcorner.de\/page\/wp-content\/uploads\/Titus-ONeil.jpg",250,125,false],"thumbnail":["https:\/\/www.wrestlingcorner.de\/page\/wp-content\/uploads\/Titus-ONeil-150x125.jpg",150,125,true],"medium":["https:\/\/www.wrestlingcorner.de\/page\/wp-content\/uploads\/Titus-ONeil.jpg",250,125,false],"medium_large":["https:\/\/www.wrestlingcorner.de\/page\/wp-content\/uploads\/Titus-ONeil.jpg",250,125,false],"large":["https:\/\/www.wrestlingcorner.de\/page\/wp-content\/uploads\/Titus-ONeil.jpg",250,125,false],"1536x1536":["https:\/\/www.wrestlingcorner.de\/page\/wp-content\/uploads\/Titus-ONeil.jpg",250,125,false],"2048x2048":["https:\/\/www.wrestlingcorner.de\/page\/wp-content\/uploads\/Titus-ONeil.jpg",250,125,false],"covernews-slider-full":["https:\/\/www.wrestlingcorner.de\/page\/wp-content\/uploads\/Titus-ONeil.jpg",250,125,false],"covernews-slider-center":["https:\/\/www.wrestlingcorner.de\/page\/wp-content\/uploads\/Titus-ONeil.jpg",250,125,false],"covernews-featured":["https:\/\/www.wrestlingcorner.de\/page\/wp-content\/uploads\/Titus-ONeil.jpg",250,125,false],"covernews-medium":["https:\/\/www.wrestlingcorner.de\/page\/wp-content\/uploads\/Titus-ONeil.jpg",250,125,false],"covernews-medium-square":["https:\/\/www.wrestlingcorner.de\/page\/wp-content\/uploads\/Titus-ONeil.jpg",250,125,false]},"author_info":{"info":["WrestlingCorner"]},"category_info":"<a href=\"https:\/\/www.wrestlingcorner.de\/page\/category\/news\/mainstream\/wwe-news\/\" rel=\"category tag\">WWE-News<\/a>","tag_info":"WWE-News","comment_count":"0","jetpack_featured_media_url":"https:\/\/www.wrestlingcorner.de\/page\/wp-content\/uploads\/Titus-ONeil.jpg","jetpack_sharing_enabled":true,"jetpack_likes_enabled":false,"jetpack_shortlink":"https:\/\/wp.me\/p2gB8Z-lGN","_links":{"self":[{"href":"https:\/\/www.wrestlingcorner.de\/page\/wp-json\/wp\/v2\/posts\/83377","targetHints":{"allow":["GET"]}}],"collection":[{"href":"https:\/\/www.wrestlingcorner.de\/page\/wp-json\/wp\/v2\/posts"}],"about":[{"href":"https:\/\/www.wrestlingcorner.de\/page\/wp-json\/wp\/v2\/types\/post"}],"author":[{"embeddable":true,"href":"https:\/\/www.wrestlingcorner.de\/page\/wp-json\/wp\/v2\/users\/13"}],"replies":[{"embeddable":true,"href":"https:\/\/www.wrestlingcorner.de\/page\/wp-json\/wp\/v2\/comments?post=83377"}],"version-history":[{"count":1,"href":"https:\/\/www.wrestlingcorner.de\/page\/wp-json\/wp\/v2\/posts\/83377\/revisions"}],"predecessor-version":[{"id":83378,"href":"https:\/\/www.wrestlingcorner.de\/page\/wp-json\/wp\/v2\/posts\/83377\/revisions\/83378"}],"wp:featuredmedia":[{"embeddable":true,"href":"https:\/\/www.wrestlingcorner.de\/page\/wp-json\/wp\/v2\/media\/29140"}],"wp:attachment":[{"href":"https:\/\/www.wrestlingcorner.de\/page\/wp-json\/wp\/v2\/media?parent=83377"}],"wp:term":[{"taxonomy":"category","embeddable":true,"href":"https:\/\/www.wrestlingcorner.de\/page\/wp-json\/wp\/v2\/categories?post=83377"},{"taxonomy":"post_tag","embeddable":true,"href":"https:\/\/www.wrestlingcorner.de\/page\/wp-json\/wp\/v2\/tags?post=83377"},{"taxonomy":"post_badge","embeddable":true,"href":"https:\/\/www.wrestlingcorner.de\/page\/wp-json\/wp\/v2\/post_badge?post=83377"}],"curies":[{"name":"wp","href":"https:\/\/api.w.org\/{rel}","templated":true}]}}